{"id":722,"date":"2024-11-08T16:46:17","date_gmt":"2024-11-08T16:46:17","guid":{"rendered":"https:\/\/casaioana.org\/casa-ioana-makes-a-difference-4-copy\/"},"modified":"2024-11-08T17:04:47","modified_gmt":"2024-11-08T17:04:47","slug":"casa-ioana-colaborare-unica","status":"publish","type":"post","link":"https:\/\/casaioana.org\/en\/casa-ioana-colaborare-unica\/","title":{"rendered":"SOLACE CEE &#8211; Colaborarea unic\u0103 va aduce inova\u021bii sociale unice pentru a pune cap\u0103t lipsei de ad\u0103post"},"content":{"rendered":"<figure class=\"wp-block-image size-large\"><img loading=\"lazy\" decoding=\"async\" width=\"1024\" height=\"410\" src=\"https:\/\/casaioana.org\/wp-content\/uploads\/2024\/11\/solace-logo-1024x410.jpg\" alt=\"\" class=\"wp-image-725\" srcset=\"https:\/\/casaioana.org\/wp-content\/uploads\/2024\/11\/solace-logo-1024x410.jpg 1024w, https:\/\/casaioana.org\/wp-content\/uploads\/2024\/11\/solace-logo-300x120.jpg 300w, https:\/\/casaioana.org\/wp-content\/uploads\/2024\/11\/solace-logo-768x308.jpg 768w, https:\/\/casaioana.org\/wp-content\/uploads\/2024\/11\/solace-logo-1536x615.jpg 1536w, https:\/\/casaioana.org\/wp-content\/uploads\/2024\/11\/solace-logo-18x7.jpg 18w, https:\/\/casaioana.org\/wp-content\/uploads\/2024\/11\/solace-logo.jpg 2000w\" sizes=\"auto, (max-width: 1024px) 100vw, 1024px\" \/><\/figure>\n\n\n\n<p>Zilele acestea a avut loc la Ko\u0161ice prima \u00eent\u00e2lnire a unui consor\u021biu din Europa Central\u0103 \u0219i de Est format din organiza\u021bii care lucreaz\u0103 cu persoane f\u0103r\u0103 ad\u0103post pentru a dezvolta \u00een comun servicii sociale \u0219i de s\u0103n\u0103tate integrate.<\/p>\n\n\n\n<p>\u00cen urm\u0103torii 3 ani, Casa Ioana &#8211; Rom\u00e2nia, Funda\u021bia pentru S\u0103n\u0103tate \u0219i Dezvoltare Social\u0103 &#8211; Bulgaria, Serviciul de Caritate Maghiar al Ordinului Malta (HCSOM) &#8211; Ungaria, Funda\u021bia Housing First &#8211; Polonia, Institutul Metropolitan de Cercetare Budapesta &#8211; Ungaria, Funda\u021bia DEDO &#8211; Slovacia \u0219i All for the Family &#8211; Slovacia vor dezvolta servicii inovatoare \u00een acest domeniu.<\/p>\n\n\n\n<p>Aceast\u0103 colaborare unic\u0103 este sus\u021binut\u0103 de Comisia European\u0103 \u0219i este ini\u021biat\u0103 \u0219i condus\u0103 de Funda\u021bia DEDO, care va implementa proiectul SOLACE CEE \u00een dou\u0103 ora\u0219e, Ko\u0161ice \u0219i Pre\u0161ov. \u00cen total, Comisia European\u0103 sprijin\u0103 4 proiecte \u00een cadrul apelului pentru inovare social\u0103, \u00een Slovacia un proiect asem\u0103n\u0103tor a primit pentru sprijin pentru a doua oar\u0103 din partea Comisiei.<\/p>\n\n\n\n<p>\u201eScopul nostru este de a crea servicii sociale \u0219i de s\u0103n\u0103tate integrate \u00een ambele ora\u0219e, venind \u00een completarea abord\u0103rii complexe de a pune cap\u0103t fenomenului persoanelor f\u0103r\u0103 ad\u0103post din r\u00e2ndul familiilor \u2013 de la locuin\u021b\u0103, la suport \u0219i g\u0103sirea unui loc de munc\u0103 \u2013 pe care o implement\u0103m \u00een Slovacia de Est\u201d, a afirmat Alena Vachnov\u00e1. \u201e\u00cen munca noastr\u0103, \u00eencerc\u0103m s\u0103 folosim metode testate pe care le aducem \u0219i le implement\u0103m \u00een Slovacia, cu scopul de a pune cap\u0103t fenomenului persoanelor f\u0103r\u0103 ad\u0103post, nu doar de a gestiona fenomenul.\u201d<\/p>","protected":false},"excerpt":{"rendered":"<p>Zilele acestea a avut loc la Ko\u0161ice prima \u00eent\u00e2lnire a unui consor\u021biu din Europa Central\u0103 \u0219i de Est format din organiza\u021bii care lucreaz\u0103 cu persoane f\u0103r\u0103 ad\u0103post pentru a dezvolta \u00een comun servicii sociale \u0219i de s\u0103n\u0103tate integrate. \u00cen urm\u0103torii 3 ani, Casa Ioana &#8211; Rom\u00e2nia, Funda\u021bia pentru S\u0103n\u0103tate \u0219i Dezvoltare Social\u0103 &#8211; Bulgaria, Serviciul [&hellip;]<\/p>\n","protected":false},"author":2,"featured_media":0,"comment_status":"closed","ping_status":"closed","sticky":true,"template":"","format":"standard","meta":{"footnotes":""},"categories":[6],"tags":[],"class_list":["post-722","post","type-post","status-publish","format-standard","hentry","category-update"],"_links":{"self":[{"href":"https:\/\/casaioana.org\/en\/wp-json\/wp\/v2\/posts\/722","targetHints":{"allow":["GET"]}}],"collection":[{"href":"https:\/\/casaioana.org\/en\/wp-json\/wp\/v2\/posts"}],"about":[{"href":"https:\/\/casaioana.org\/en\/wp-json\/wp\/v2\/types\/post"}],"author":[{"embeddable":true,"href":"https:\/\/casaioana.org\/en\/wp-json\/wp\/v2\/users\/2"}],"replies":[{"embeddable":true,"href":"https:\/\/casaioana.org\/en\/wp-json\/wp\/v2\/comments?post=722"}],"version-history":[{"count":0,"href":"https:\/\/casaioana.org\/en\/wp-json\/wp\/v2\/posts\/722\/revisions"}],"wp:attachment":[{"href":"https:\/\/casaioana.org\/en\/wp-json\/wp\/v2\/media?parent=722"}],"wp:term":[{"taxonomy":"category","embeddable":true,"href":"https:\/\/casaioana.org\/en\/wp-json\/wp\/v2\/categories?post=722"},{"taxonomy":"post_tag","embeddable":true,"href":"https:\/\/casaioana.org\/en\/wp-json\/wp\/v2\/tags?post=722"}],"curies":[{"name":"wp","href":"https:\/\/api.w.org\/{rel}","templated":true}]}}